[{"@context":"https:\/\/schema.org\/","@type":"Article","@id":"https:\/\/www.psalteria.cz\/bydleni-v-drevenych-mobilnich-domech-zvazuje-cim-dal-vice-lidi\/#Article","mainEntityOfPage":"https:\/\/www.psalteria.cz\/bydleni-v-drevenych-mobilnich-domech-zvazuje-cim-dal-vice-lidi\/","headline":"Bydlen\u00ed v d\u0159ev\u011bn\u00fdch mobiln\u00edch domech zva\u017euje \u010d\u00edm d\u00e1l v\u00edce lid\u00ed","name":"Bydlen\u00ed v d\u0159ev\u011bn\u00fdch mobiln\u00edch domech zva\u017euje \u010d\u00edm d\u00e1l v\u00edce lid\u00ed","description":"O mobiln\u00edch domech koluj\u00ed mezi lidmi r\u016fzn\u00e9 zv\u011bsti, nelze \u0159\u00edci, kter\u00e9 z nich p\u0159eva\u017euj\u00ed, nebo\u0165 se k nim vyjad\u0159ujeme ve velmi \u0161irok\u00e9m spektru emoc\u00ed. Nejd\u016fle\u017eit\u011bj\u0161\u00ed","datePublished":"2020-07-13","dateModified":"2023-05-06","author":{"@type":"Person","@id":"https:\/\/www.psalteria.cz\/author\/#Person","name":"","url":"https:\/\/www.psalteria.cz\/author\/","identifier":1,"image":{"@type":"ImageObject","@id":"https:\/\/secure.gravatar.com\/avatar\/b72fc1bf1bf254b4118ef99c1da35a199f5a8e7c33c2166eae92618994df57ea?s=96&d=mm&r=g","url":"https:\/\/secure.gravatar.com\/avatar\/b72fc1bf1bf254b4118ef99c1da35a199f5a8e7c33c2166eae92618994df57ea?s=96&d=mm&r=g","height":96,"width":96}},"publisher":{"@type":"Organization","name":"psalteria.cz","logo":{"@type":"ImageObject","@id":"\/logo.png","url":"\/logo.png","width":600,"height":60}},"image":{"@type":"ImageObject","@id":"https:\/\/www.psalteria.cz\/wp-content\/uploads\/posezen%C3%AD%20na%20zahrad%C4%9B_1.jpg","url":"https:\/\/www.psalteria.cz\/wp-content\/uploads\/posezen%C3%AD%20na%20zahrad%C4%9B_1.jpg","height":0,"width":0},"url":"https:\/\/www.psalteria.cz\/bydleni-v-drevenych-mobilnich-domech-zvazuje-cim-dal-vice-lidi\/","about":["Bydlen\u00ed"],"wordCount":394,"articleBody":"     O mobiln\u00edch domech koluj\u00ed mezi lidmi r\u016fzn\u00e9 zv\u011bsti, nelze \u0159\u00edci, kter\u00e9 z nich p\u0159eva\u017euj\u00ed, nebo\u0165 se k nim vyjad\u0159ujeme ve velmi \u0161irok\u00e9m spektru emoc\u00ed. Nejd\u016fle\u017eit\u011bj\u0161\u00ed ze v\u0161eho je v\u0161ak p\u0159\u00edstup k dostate\u010dn\u00e9mu mno\u017estv\u00ed informac\u00ed, nikoli soudy vy\u0159\u010den\u00e9 na z\u00e1klad\u011b osobn\u00edch n\u00e1zor\u016f nepodlo\u017een\u00fdch fakty. Fakta toti\u017e rozhoduj\u00ed o tom, zda o tomto zp\u016fsobu bydlen\u00ed uva\u017eovat, anebo jej zavrhnout.Kdy se rozhodnout pro po\u0159\u00edzen\u00ed mobiln\u00ed d\u0159evostavbyN\u00e1jemn\u00e9 \u2013 pron\u00e1jmy byt\u016f a dom\u016f jsou obrovsk\u00fd byznys a mezi lidmi, kte\u0159\u00ed pamatuj\u00ed socialismus, kdy se rozjela bytov\u00e1 v\u00fdstavba a prakticky u n\u00e1s neexistovali bezdomovci, panuj\u00ed \u010dasto n\u00e1zory, \u017ee zaji\u0161t\u011bn\u00ed bydlen\u00ed by se m\u011blo st\u00e1t z\u00e1kladn\u00ed pot\u0159ebou, s v\u00fdraznou podporou st\u00e1tu, nikoli p\u0159edm\u011btem podnik\u00e1n\u00ed. Mnoz\u00ed z n\u00e1s si tak\u00e9 uv\u011bdomuj\u00ed, \u017ee v p\u0159\u00edpad\u011b n\u00e1jemn\u00edho bydlen\u00ed velk\u00fd pod\u00edl sv\u00e9ho v\u00fdd\u011blku \u201ev\u011bnuj\u00ed\u201c pronaj\u00edmateli, a proto se sna\u017e\u00ed \u0159e\u0161it vlastn\u00ed bydlen\u00ed co nejd\u0159\u00edve.Hypot\u00e9ka versus pen\u00edze v hotovosti \u2013 na hypote\u010dn\u00ed \u00fav\u011bry l\u00e1k\u00e1 cel\u00e1 \u0159ada spole\u010dnost\u00ed. Pravdou je, \u017ee jsou \u00faro\u010den\u00e9 n\u00edzkou sazbou, tak\u017ee je z\u00e1vazek zd\u00e1nliv\u011b relativn\u011b v\u00fdhodn\u00fd. Je to v\u0161ak b\u011bh na dlouhou tra\u0165 a v dne\u0161n\u00ed nejist\u00e9 dob\u011b, kdy m\u016f\u017ee ekonomiku ohrozit \u201ekdejak\u00e1 hloupost\u201c, nap\u0159. siln\u011b medializovan\u00e1 epidemie koronaviru, m\u016f\u017eete do dluhov\u00e9 pasti propadnout i tehdy, c\u00edt\u00edte-li se zrovna siln\u00ed v kramfl\u00edc\u00edch. M\u016f\u017ee v\u00e1s postihnout \u00faraz nebo chronick\u00e9 onemocn\u011bn\u00ed a v\u00e1\u0161 \u017eivot se tak snadno prom\u011bn\u00ed s hypot\u00e9kou na krku v no\u010dn\u00ed m\u016fru. D\u0159ev\u011bn\u00e9 mobiln\u00ed domy se v\u011bt\u0161inou po\u0159izuj\u00ed v hotovosti, nebo se \u010d\u00e1st ceny hrad\u00ed formou spot\u0159ebitelsk\u00e9ho \u00fav\u011bru, ale nejde o spl\u00e1tky na des\u00edtky let.P\u0159\u00edroda versus s\u00eddli\u0161t\u011b \u2013 lid\u00e9 \u017eij\u00edc\u00ed ve m\u011bstech b\u00fdvaj\u00ed \u010dasto otup\u011bl\u00ed a p\u0159ivykaj\u00ed hrubostem, kter\u00e9 tamn\u00ed \u017eivot prov\u00e1z\u00ed. Bydlen\u00ed v bl\u00edzkosti p\u0159\u00edrody p\u0159in\u00e1\u0161\u00ed naopak uklidn\u011bn\u00ed, pocit svobody, soun\u00e1le\u017eitosti a dal\u0161\u00ed pozitivn\u00ed vlastnosti, co\u017e se mimo jin\u00e9 projev\u00ed i na fyzick\u00e9m i du\u0161evn\u00edm zdrav\u00ed.                                                                                                                                                                                                                                                                                                                                                                                          4.7\/5 - (9 votes)        "},{"@context":"https:\/\/schema.org\/","@type":"BreadcrumbList","itemListElement":[{"@type":"ListItem","position":1,"name":"Bydlen\u00ed v d\u0159ev\u011bn\u00fdch mobiln\u00edch domech zva\u017euje \u010d\u00edm d\u00e1l v\u00edce lid\u00ed","item":"https:\/\/www.psalteria.cz\/bydleni-v-drevenych-mobilnich-domech-zvazuje-cim-dal-vice-lidi\/#breadcrumbitem"}]}]