[{"@context":"https:\/\/schema.org\/","@type":"Article","@id":"https:\/\/www.psalteria.cz\/diky-nam-se-budete-oblekat-stylove\/#Article","mainEntityOfPage":"https:\/\/www.psalteria.cz\/diky-nam-se-budete-oblekat-stylove\/","headline":"D\u00edky n\u00e1m se budete obl\u00e9kat stylov\u011b","name":"D\u00edky n\u00e1m se budete obl\u00e9kat stylov\u011b","description":"Kr\u00e1sn\u00e1 nab\u00eddka d\u00e1msk\u00fdch bund, kter\u00e9 v\u00e1m zp\u0159\u00edjemn\u00ed i to nejo\u0161kliv\u011bj\u0161\u00ed po\u010das\u00ed. Zah\u0159ejte se na\u0161imi produkty a z\u00edskejte tak luxusn\u00ed, jedine\u010dn\u00e9 a nov\u00e9 modely do \u0161atn\u00edku.","datePublished":"2025-01-26","dateModified":"2025-01-26","author":{"@type":"Person","@id":"https:\/\/www.psalteria.cz\/author\/#Person","name":"","url":"https:\/\/www.psalteria.cz\/author\/","identifier":1,"image":{"@type":"ImageObject","@id":"https:\/\/secure.gravatar.com\/avatar\/b72fc1bf1bf254b4118ef99c1da35a199f5a8e7c33c2166eae92618994df57ea?s=96&d=mm&r=g","url":"https:\/\/secure.gravatar.com\/avatar\/b72fc1bf1bf254b4118ef99c1da35a199f5a8e7c33c2166eae92618994df57ea?s=96&d=mm&r=g","height":96,"width":96}},"publisher":{"@type":"Organization","name":"psalteria.cz","logo":{"@type":"ImageObject","@id":"\/logo.png","url":"\/logo.png","width":600,"height":60}},"url":"https:\/\/www.psalteria.cz\/diky-nam-se-budete-oblekat-stylove\/","wordCount":203,"articleBody":"Kr\u00e1sn\u00e1 nab\u00eddka d\u00e1msk\u00fdch bund, kter\u00e9 v\u00e1m zp\u0159\u00edjemn\u00ed i to nejo\u0161kliv\u011bj\u0161\u00ed po\u010das\u00ed. Zah\u0159ejte se na\u0161imi produkty a z\u00edskejte tak luxusn\u00ed, jedine\u010dn\u00e9 a nov\u00e9 modely do \u0161atn\u00edku. Dlouh\u00e9 kab\u00e1ty, bundy s kapuc\u00ed \u010di s ko\u017ee\u0161inou, podzimn\u00ed, zimn\u00ed i jarn\u00ed produkty \u2013 to v\u0161e a mnohem v\u00edce naleznete v na\u0161\u00ed nab\u00eddce. Popt\u00e1vka je velk\u00e1 a my v\u00edme, co \u017eeny cht\u011bj\u00ed. P\u0159ejete si p\u00e9\u0159ovku, nepromokav\u00fd produkt \u010di model typu parka? U n\u00e1s si vyberete podle va\u0161ich p\u0159\u00e1n\u00ed. Oble\u010den\u00ed pro ka\u017edou p\u0159\u00edle\u017eitost P\u0159ipravte sv\u016fj \u0161atn\u00edk na po\u0159\u00e1dnou zimu a mokr\u00e9 po\u010das\u00ed u\u017e te\u010f. Nen\u00ed na co \u010dekat, podobn\u00fd kousek oble\u010den\u00ed nesm\u00ed ve va\u0161\u00ed sk\u0159\u00edni chyb\u011bt a nikdo se na v\u00e1s nebude zlobit, pokud takov\u00fdchto kousk\u016f budete m\u00edt v\u00edc. Pot\u0159ebujete p\u0159ece n\u011bco na ka\u017edodenn\u00ed no\u0161en\u00ed, do pr\u00e1ce, na d\u016fle\u017eit\u00e9 sch\u016fzky \u010di pro spole\u010densk\u00e9 chv\u00edle, na posezen\u00ed s kamar\u00e1dkami nebo t\u0159eba a\u017e vyraz\u00edte na n\u011bjak\u00fd ten po\u0159\u00e1dn\u00fd rockov\u00fd koncert.                                                                                                                                                                                                                                                                                                                                                                                        4.7\/5 - (4 votes)        "},{"@context":"https:\/\/schema.org\/","@type":"BreadcrumbList","itemListElement":[{"@type":"ListItem","position":1,"name":"D\u00edky n\u00e1m se budete obl\u00e9kat stylov\u011b","item":"https:\/\/www.psalteria.cz\/diky-nam-se-budete-oblekat-stylove\/#breadcrumbitem"}]}]