[{"@context":"https:\/\/schema.org\/","@type":"Article","@id":"https:\/\/www.psalteria.cz\/mozna-se-za-to-stydi\/#Article","mainEntityOfPage":"https:\/\/www.psalteria.cz\/mozna-se-za-to-stydi\/","headline":"Mo\u017en\u00e1 se za to styd\u00ed","name":"Mo\u017en\u00e1 se za to styd\u00ed","description":"Pokud je Va\u0161e man\u017eelka posledn\u00ed dobou jemn\u011b \u0159e\u010deno protivn\u00e1, nebo mo\u017en\u00e1 u n\u00ed nastal probl\u00e9m se sn\u00ed\u017eenou sexu\u00e1ln\u00ed n\u00e1ru\u017eivost\u00ed. T\u0159eba se V\u00e1m zd\u00e1 nemocn\u00e1 a","datePublished":"2025-01-18","dateModified":"2025-01-18","author":{"@type":"Person","@id":"https:\/\/www.psalteria.cz\/author\/#Person","name":"","url":"https:\/\/www.psalteria.cz\/author\/","identifier":1,"image":{"@type":"ImageObject","@id":"https:\/\/secure.gravatar.com\/avatar\/b72fc1bf1bf254b4118ef99c1da35a199f5a8e7c33c2166eae92618994df57ea?s=96&d=mm&r=g","url":"https:\/\/secure.gravatar.com\/avatar\/b72fc1bf1bf254b4118ef99c1da35a199f5a8e7c33c2166eae92618994df57ea?s=96&d=mm&r=g","height":96,"width":96}},"publisher":{"@type":"Organization","name":"psalteria.cz","logo":{"@type":"ImageObject","@id":"\/logo.png","url":"\/logo.png","width":600,"height":60}},"url":"https:\/\/www.psalteria.cz\/mozna-se-za-to-stydi\/","wordCount":174,"articleBody":"Pokud je Va\u0161e man\u017eelka posledn\u00ed dobou jemn\u011b \u0159e\u010deno protivn\u00e1, nebo mo\u017en\u00e1 u n\u00ed nastal probl\u00e9m se sn\u00ed\u017eenou sexu\u00e1ln\u00ed n\u00e1ru\u017eivost\u00ed. T\u0159eba se V\u00e1m zd\u00e1 nemocn\u00e1 a slab\u00e1, i kdy\u017e cel\u00fd \u017eivot sr\u0161ela zdrav\u00edm. Stru\u010dn\u011b \u0159e\u010deno, Va\u0161e \u017eena zkr\u00e1tka a dob\u0159e nen\u00ed \u00fapln\u011b v po\u0159\u00e1dku a je velmi pravd\u011bpodobn\u00e9, \u017ee ji tr\u00e1p\u00ed probl\u00e9my s klimakteriem. Je mo\u017en\u00e9, \u017ee ona sama si to uv\u011bdomuje, ale za sv\u00e9 probl\u00e9my se zkr\u00e1tka styd\u00ed. Bez ne\u017e\u00e1douc\u00edch \u00fa\u010dink\u016f M\u016f\u017eete j\u00ed pomoci i jinak ne\u017e jen povzbuzov\u00e1n\u00edm. M\u016f\u017eete j\u00ed zakoupit dopl\u0148ky stravy, kter\u00e9 p\u0159isp\u011bj\u00ed k tomu, aby se j\u00ed v t\u011ble obnovily \u017eensk\u00e9 hormony, jejich\u017e ztr\u00e1ta zp\u016fsobuje celou \u0159adu zdravotn\u00edch i psychick\u00fdch probl\u00e9m\u016f. Jedn\u00e1 se p\u0159itom o velmi ohledupln\u00fd zp\u016fsob l\u00e9\u010dby, kter\u00fd nem\u00e1 \u017e\u00e1dn\u00e9 ne\u017e\u00e1douc\u00ed \u00fa\u010dinky na rozd\u00edl od b\u011b\u017en\u00fdch l\u00e9k\u016f.                                                                                                                                                                                                                                                                                                                                                                                        4.2\/5 - (4 votes)        "},{"@context":"https:\/\/schema.org\/","@type":"BreadcrumbList","itemListElement":[{"@type":"ListItem","position":1,"name":"Mo\u017en\u00e1 se za to styd\u00ed","item":"https:\/\/www.psalteria.cz\/mozna-se-za-to-stydi\/#breadcrumbitem"}]}]