[{"@context":"https:\/\/schema.org\/","@type":"Article","@id":"https:\/\/www.psalteria.cz\/proc-je-nekdy-tak-strasne-tezke-najit-spolecnou-rec\/#Article","mainEntityOfPage":"https:\/\/www.psalteria.cz\/proc-je-nekdy-tak-strasne-tezke-najit-spolecnou-rec\/","headline":"Pro\u010d je n\u011bkdy tak stra\u0161n\u011b t\u011b\u017ek\u00e9 naj\u00edt spole\u010dnou \u0159e\u010d","name":"Pro\u010d je n\u011bkdy tak stra\u0161n\u011b t\u011b\u017ek\u00e9 naj\u00edt spole\u010dnou \u0159e\u010d","description":"Te\u010f tady nechceme obhajovat n\u011bjakou n\u00e1silnou asimilaci obyvatelstva, nechceme ani zasahovat do politick\u00e9 debaty ohledn\u011b p\u0159ij\u00edm\u00e1n\u00ed\/nep\u0159ij\u00edm\u00e1n\u00ed uprchl\u00edk\u016f apod. Zde se sp\u00ed\u0161e zam\u011b\u0159\u00edme na obecn\u00fd vzorec.","datePublished":"2025-09-30","dateModified":"2025-09-30","author":{"@type":"Person","@id":"https:\/\/www.psalteria.cz\/author\/#Person","name":"","url":"https:\/\/www.psalteria.cz\/author\/","identifier":1,"image":{"@type":"ImageObject","@id":"https:\/\/secure.gravatar.com\/avatar\/b72fc1bf1bf254b4118ef99c1da35a199f5a8e7c33c2166eae92618994df57ea?s=96&d=mm&r=g","url":"https:\/\/secure.gravatar.com\/avatar\/b72fc1bf1bf254b4118ef99c1da35a199f5a8e7c33c2166eae92618994df57ea?s=96&d=mm&r=g","height":96,"width":96}},"publisher":{"@type":"Organization","name":"psalteria.cz","logo":{"@type":"ImageObject","@id":"\/logo.png","url":"\/logo.png","width":600,"height":60}},"image":{"@type":"ImageObject","@id":"https:\/\/www.psalteria.cz\/wp-content\/uploads\/img_a327889_w2107_t1540313688.jpg","url":"https:\/\/www.psalteria.cz\/wp-content\/uploads\/img_a327889_w2107_t1540313688.jpg","height":0,"width":0},"url":"https:\/\/www.psalteria.cz\/proc-je-nekdy-tak-strasne-tezke-najit-spolecnou-rec\/","wordCount":481,"articleBody":"Te\u010f tady nechceme obhajovat n\u011bjakou n\u00e1silnou asimilaci obyvatelstva, nechceme ani zasahovat do politick\u00e9 debaty ohledn\u011b p\u0159ij\u00edm\u00e1n\u00ed\/nep\u0159ij\u00edm\u00e1n\u00ed uprchl\u00edk\u016f apod. Zde se sp\u00ed\u0161e zam\u011b\u0159\u00edme na obecn\u00fd vzorec. V\u0161ichni toti\u017e v\u00edme, jak je hrozn\u011b t\u011b\u017ek\u00e9 vyj\u00edt s\u00a0kolegou z\u00a0pr\u00e1ce nebo s\u00a0kamar\u00e1dem, kter\u00fd m\u00e1 trochu jin\u00e9 postoje nebo t\u0159eba v\u011b\u0159\u00ed jin\u00fdm v\u011bcem nebo m\u00e1 i naprosto jin\u00e9 vzd\u011bl\u00e1n\u00ed. A te\u010f si p\u0159edstavte, \u017ee v\u00e1s ned\u011bl\u00ed jenom individu\u00e1ln\u00ed charakteristika, ale rovnou v\u00e1s d\u011bl\u00ed i spole\u010dnost, kultura i zvyky. Nemus\u00edte m\u00edt r\u00e1di komunisty, abyste se mohli o V\u00e1noc\u00edch setkat s\u00a0va\u0161\u00ed zarputilou babi\u010dkou.Ale hned naraz\u00edme na men\u0161\u00ed p\u0159ek\u00e1\u017eku, kdy\u017e ani ty zvyky a tradice nesd\u00edl\u00edme. To se potom div\u00edme a kr\u00e1\u010d\u00edme v\u00a0kruz\u00edch. Vezm\u011bte si nap\u0159\u00edklad buddhisty, a\u0165 n\u011bkdo nem\u00e1 hloup\u00e9 \u0159e\u010di o isl\u00e1mu. Buddhisti uzn\u00e1vaj\u00ed kompletn\u011b jin\u00fd sm\u011br n\u00e1bo\u017eenstv\u00ed, maj\u00ed jin\u00e9 sv\u00e1tky, tradice, jin\u00e9 zvyky. Kultura je \u00fapln\u011b jin\u00e1, izolovan\u00e1 od vlivu k\u0159es\u0165anstv\u00ed.\tJe\u017e\u00ed\u0161 a Buddha pod jednou st\u0159echouJe to jist\u00fd obrann\u00fd mechanismus. M\u00e1me sv\u00e9 vlastn\u00ed p\u0159esv\u011bd\u010den\u00ed, sv\u016fj vlastn\u00ed postup. D\u011bl\u00e1me v\u011bci A zp\u016fsobem A. Nikdy to nikdo ned\u011blal n\u011bjak jinak, mo\u017en\u00e1 t\u0159eba v\u011bc A1.2 a zp\u016fsobem A2.3, ale v\u017edycky to bylo A. Najednou p\u0159ijde n\u011bkdo, kdo d\u011bl\u00e1 v\u011bc A, ale zp\u016fsobem B. No tak to teda ne ho\u0161ku. Samoz\u0159ejm\u011b ne\u0159\u00edk\u00e1me, \u017ee v\u0161echny praktiky r\u016fzn\u00fdch n\u00e1bo\u017eenstv\u00ed jsou p\u0159ijateln\u00e1. Nap\u0159\u00edklad sek\u00e1n\u00ed hlav a dekorace, abychom pot\u011b\u0161ili krokod\u00fdl\u00edho boha \u2013 asi ch\u00e1pete, \u017ee to nen\u00ed tak \u00fapln\u011b n\u011bco, co bychom cht\u011bli m\u00edt v\u00a0demokratick\u00e9 spole\u010dnosti. Stejn\u011b tak lidsk\u00e9 ob\u011bti a mo\u017en\u00e1 i zv\u00ed\u0159ec\u00ed ob\u011bti jsou dnes u\u017e p\u0159es \u010d\u00e1ru.\tJe t\u011b\u017ek\u00e9 odli\u0161it \u010dlov\u011bka od kolektivuKdy\u017e vid\u00edme Inda, vid\u00edme desatero m\u00fdt\u016f a p\u0159edsudk\u016f v\u0161ech Ind\u016f, nevid\u00edme jednoho konkr\u00e9tn\u00edho Inda, kter\u00fd si t\u0159eba kupuje chleba p\u0159ed n\u00e1mi. Kdy\u017e se d\u00edv\u00e1te na \u010cecha s\u00a0p\u00edvem p\u0159es den v\u00a0plechovce, vid\u00edte desatero p\u0159edsudk\u016f, ale tak n\u011bjak je v\u00e1m pohled milej\u0161\u00ed ne\u017e na Inda. Pro\u010d? Proto\u017ee v\u00edte, \u017ee i kdy\u017e to bude n\u011bjak\u00e9 prase, m\u016f\u017eete si s\u00a0n\u00edm pokecat, oba dva slav\u00edte V\u00e1noce, oba dva Velikonoce, oba dva m\u00e1te v\u00fdro\u010d\u00ed st\u00e1tu. Ale ten Ind u\u017e tohle nesd\u00edl\u00ed. A to je ob\u010das t\u011b\u017ek\u00e9 p\u0159ekousnout \u2013 \u017ee to jde i jinak.                                                                                                                                                                                                                                                                                                                                                                                        5\/5 - (6 votes)        "},{"@context":"https:\/\/schema.org\/","@type":"BreadcrumbList","itemListElement":[{"@type":"ListItem","position":1,"name":"Pro\u010d je n\u011bkdy tak stra\u0161n\u011b t\u011b\u017ek\u00e9 naj\u00edt spole\u010dnou \u0159e\u010d","item":"https:\/\/www.psalteria.cz\/proc-je-nekdy-tak-strasne-tezke-najit-spolecnou-rec\/#breadcrumbitem"}]}]