[{"@context":"https:\/\/schema.org\/","@type":"Article","@id":"https:\/\/www.psalteria.cz\/uzivat-si-naplno\/#Article","mainEntityOfPage":"https:\/\/www.psalteria.cz\/uzivat-si-naplno\/","headline":"U\u017e\u00edvat si naplno","name":"U\u017e\u00edvat si naplno","description":"\u0158\u00edk\u00e1 se, \u017ee l\u00e1ska kvete v ka\u017ed\u00e9m v\u011bku. A jist\u011b n\u00e1m d\u00e1te za pravdu, \u017ee s p\u0159ib\u00fdvaj\u00edc\u00edmi lety chu\u0165 do \u017eivota rozhodn\u011b neub\u00fdv\u00e1, sp\u00ed\u0161e naopak.","datePublished":"2025-08-26","dateModified":"2025-08-26","author":{"@type":"Person","@id":"https:\/\/www.psalteria.cz\/author\/#Person","name":"","url":"https:\/\/www.psalteria.cz\/author\/","identifier":1,"image":{"@type":"ImageObject","@id":"https:\/\/secure.gravatar.com\/avatar\/b72fc1bf1bf254b4118ef99c1da35a199f5a8e7c33c2166eae92618994df57ea?s=96&d=mm&r=g","url":"https:\/\/secure.gravatar.com\/avatar\/b72fc1bf1bf254b4118ef99c1da35a199f5a8e7c33c2166eae92618994df57ea?s=96&d=mm&r=g","height":96,"width":96}},"publisher":{"@type":"Organization","name":"psalteria.cz","logo":{"@type":"ImageObject","@id":"\/logo.png","url":"\/logo.png","width":600,"height":60}},"url":"https:\/\/www.psalteria.cz\/uzivat-si-naplno\/","wordCount":251,"articleBody":"\u0158\u00edk\u00e1 se, \u017ee l\u00e1ska kvete v ka\u017ed\u00e9m v\u011bku. A jist\u011b n\u00e1m d\u00e1te za pravdu, \u017ee s p\u0159ib\u00fdvaj\u00edc\u00edmi lety chu\u0165 do \u017eivota rozhodn\u011b neub\u00fdv\u00e1, sp\u00ed\u0161e naopak. Pro\u010d si tedy neu\u017e\u00edvat \u017eivot pln\u00fdmi dou\u0161ky i ve v\u011bku 55 let a v\u00edce? V\u017edy\u0165 v\u011bk je jen \u010d\u00edslo v ob\u010dansk\u00e9m pr\u016fkazu, d\u011bti jsou ji\u017e odrostl\u00e9 a Vy m\u00e1te tak kone\u010dn\u011b dostatek \u010dasu v\u011bnovat se sami sob\u011b, odpo\u010d\u00edvat a cestovat. Nebojte se, \u017ee by snad V\u00e1\u0161 rozpo\u010det byl p\u0159\u00edli\u0161 napjat\u00fd. Na na\u0161em port\u00e1lu nab\u00edz\u00edme co nej\u0161ir\u0161\u00ed spektrum mo\u017enost\u00ed pobyt\u016f pro seniory, chceme V\u00e1m nab\u00eddnout mo\u017enost vybrat si z ucelen\u00e9 nab\u00eddky pohodln\u011b na jednom m\u00edst\u011b. Rezervujte si je\u0161t\u011b dnes D\u00edky na\u0161em zam\u011b\u0159en\u00ed na c\u00edlovou skupinu 55 let a v\u00edce, nab\u00edz\u00edme takov\u00e9 mo\u017enosti z\u00e1jezd\u016f, kter\u00e9 jsou pr\u00e1v\u011b pro V\u00e1s atraktivn\u00ed, nav\u00edc velk\u00e1 \u0159ada z nich je cenov\u011b zv\u00fdhodn\u011bna p\u0159\u00edmo pro Va\u0161i v\u011bkovou kategorii. Vyberte si v p\u0159ehledn\u011b \u010dlen\u011bn\u00e9 nab\u00eddce, nebudete muset listovat nab\u00eddkami, kter\u00e9 V\u00e1s pr\u00e1v\u011b nezaj\u00edmaj\u00ed. Rezervujte si sv\u016fj vybran\u00fd z\u00e1jezd ihned, Va\u0161i rezervaci vy\u0159\u00edd\u00edme do dvou hodin. Vyb\u00edrejte dle lokality \u010di dle t\u00e9matick\u00e9ho zam\u011b\u0159en\u00ed z\u00e1jezdu, neztr\u00e1cejte \u010das dlouh\u00fdm hled\u00e1n\u00edm.                                                                                                                                                                                                                                                                                                                                                                                                "},{"@context":"https:\/\/schema.org\/","@type":"BreadcrumbList","itemListElement":[{"@type":"ListItem","position":1,"name":"U\u017e\u00edvat si naplno","item":"https:\/\/www.psalteria.cz\/uzivat-si-naplno\/#breadcrumbitem"}]}]